{"id":7988,"date":"2025-12-15T09:50:25","date_gmt":"2025-12-15T09:50:25","guid":{"rendered":"https:\/\/digitalconnection.ae\/?p=7988"},"modified":"2025-12-16T15:17:33","modified_gmt":"2025-12-16T15:17:33","slug":"um-ano-de-our-vision-business-marketing-travel","status":"publish","type":"post","link":"https:\/\/www.dcredesign.connectionthemes.com\/pt-pt\/um-ano-de-our-vision-business-marketing-travel\/","title":{"rendered":"Um ano de Our Vision: Business, Marketing &#038; Travel"},"content":{"rendered":"<p><span style=\"font-weight: 400;\">O podcast <\/span><span style=\"font-weight: 400;\">Our Vision: Business, Marketing &amp; Travel, apresentado por Jo\u00e3o C Silva, esteve em grande durante 2025. Abordando temas como Neg\u00f3cios, Marketing, Publicidade, Comunica\u00e7\u00e3o, Viagens e Cultura, e com convidados internacionais e nacionais, foi um ponto de encontro onde partilha de ideias e conversas que acrescentam valor foram uma constante.<\/span><\/p>\n<p><span style=\"font-weight: 400;\">De empreendedorismo \u00e0 moda, das redes sociais \u00e0 intelig\u00eancia emocional, nunca esquecendo a arte, veja &#8211; ou reveja &#8211; os epis\u00f3dios que fizeram destas conversas um verdadeiro sucesso.<\/span><\/p>\n<p><img loading=\"lazy\" decoding=\"async\" class=\"alignnone wp-image-7989 size-full\" src=\"https:\/\/digitalconnection.ae\/wp-content\/uploads\/2025\/12\/unnamed-8.png\" alt=\"\" width=\"512\" height=\"229\" srcset=\"https:\/\/www.dcredesign.connectionthemes.com\/wp-content\/uploads\/2025\/12\/unnamed-8.png 512w, https:\/\/www.dcredesign.connectionthemes.com\/wp-content\/uploads\/2025\/12\/unnamed-8-300x134.png 300w\" sizes=\"auto, (max-width: 512px) 100vw, 512px\" \/><\/p>\n<p><a href=\"https:\/\/www.youtube.com\/watch?v=6YG-tBW3uPE\"><span style=\"font-weight: 400;\">Our Vision EP1 &#8211; Empreendedores Portugueses no Dubai com Gon\u00e7alo Freitas<\/span><\/a><\/p>\n<p><span style=\"font-weight: 400;\">O primeiro convidado: Gon\u00e7alo Freitas, empres\u00e1rio portugu\u00eas que vive no Dubai e parceiro fundador da Digital Connection.<\/span><\/p>\n<p><a href=\"https:\/\/www.youtube.com\/watch?v=asHoxv2FZCA\"><span style=\"font-weight: 400;\">Our Vision EP2 &#8211; Como se tornar uma mulher de neg\u00f3cios bem-sucedida no Dubai com Joan<\/span><\/a><\/p>\n<p><span style=\"font-weight: 400;\">Neste epis\u00f3dio, Joan Jardeleza partilha o seu inspirador percurso como empres\u00e1ria de sucesso no Dubai, destacando os desafios que superou e oferecendo informa\u00e7\u00f5es valiosas sobre o mercado dos Emirados \u00c1rabes Unidos.<\/span><\/p>\n<p><a href=\"https:\/\/www.youtube.com\/watch?v=nSrEOrJ2sag&amp;t=173s\"><span style=\"font-weight: 400;\">Our Vision EP3 &#8211; Porque \u00e9 que o Dubai pode ser um lar para todos, por Mohammed Jassim<\/span><\/a><\/p>\n<p><span style=\"font-weight: 400;\">Descubra como o Dubai se est\u00e1 a transformar num lar para todos com o emiradense Mohammed Jassim.<\/span><\/p>\n<p><a href=\"https:\/\/www.youtube.com\/watch?v=HQhrFpFSSGw\"><span style=\"font-weight: 400;\">Our Vision EP4 &#8211; Seja disruptivo com Sarah Malik<\/span><\/a><\/p>\n<p><span style=\"font-weight: 400;\">Sarah Malik \u00e9 uma empreendedora e autora premiada. Reconhecida como uma das &#8220;100 Mulheres L\u00edderes Mais Poderosas da \u00c1sia em 2023&#8221;, Sarah vive atualmente no Dubai, \u00e9 m\u00e3e de dois filhos e adora viajar, fazer neg\u00f3cios e socializar.<\/span><\/p>\n<p><a href=\"https:\/\/www.youtube.com\/watch?v=Q3jl3hiocek&amp;t=45s\"><span style=\"font-weight: 400;\">Our Vision EP5 &#8211; Hotelaria no Dubai com o Chef Carmine<\/span><\/a><\/p>\n<p><span style=\"font-weight: 400;\">O Chef Carmine partilha as suas perce\u00e7\u00f5es sobre o setor hoteleiro no Dubai e algumas dicas para quem quer investir ou trabalhar na regi\u00e3o.<\/span><\/p>\n<p><a href=\"https:\/\/www.youtube.com\/watch?v=Fgcvjd2MARE&amp;t=116s\"><span style=\"font-weight: 400;\">Our Vision EP6 &#8211; O paradoxo das Redes Sociais com Sofia Jardim<\/span><\/a><\/p>\n<p><span style=\"font-weight: 400;\">Neste epis\u00f3dio, Jo\u00e3o C Silva senta-se com Sofia Jardim e debatem v\u00e1rios temas atuais da sociedade, como a gest\u00e3o do tempo e emo\u00e7\u00f5es na vida pessoal e profissional, o paradoxo das redes sociais e, muito mais. Na vis\u00e3o pessoal de Sofia Jardim assista a esta conversa \u00edntima e inspiradora.<\/span><\/p>\n<p><a href=\"https:\/\/www.youtube.com\/watch?v=Q4SaYGAN3S0&amp;t=2s\"><span style=\"font-weight: 400;\">Our Vision EP7 &#8211; Utilidade das Emo\u00e7\u00f5es e Intelig\u00eancia Emocional com Paulo Moreira<\/span><\/a><\/p>\n<p><span style=\"font-weight: 400;\">Paulo Moreira \u00e9 autor do best-seller \u201cINTELIG\u00caNCIA EMOCIONAL \u2013 uma abordagem pr\u00e1tica\u201d e do livro \u201cGERIR EMO\u00c7\u00d5ES \u2013 um guia pr\u00e1tico\u201d. Numa conversa pr\u00e1tica e genu\u00edna Jo\u00e3o C Silva e Paulo Moreira, falam sobre a utilidade das Emo\u00e7\u00f5es e Intelig\u00eancia Emocional.<\/span><\/p>\n<p><a href=\"https:\/\/www.youtube.com\/watch?v=FGiFjNwnvm4\"><span style=\"font-weight: 400;\">Our Vision EP8 &#8211; Os segredos de uma Ag\u00eancia de Marketing &#8211; 10 anos de Digital Connection<\/span><\/a><\/p>\n<p><span style=\"font-weight: 400;\">Os fundadores de Digital Connection partilham as aventuras dos 10 anos de Digital Connection.<\/span><\/p>\n<p><a href=\"https:\/\/www.youtube.com\/watch?v=BrGmqdas27w\"><span style=\"font-weight: 400;\">Our Vision EP9 &#8211; Ser\u00e1 que a IA est\u00e1 mesmo a roubar os nossos empregos? Com \u200b\u200bAvani Thakrar<\/span><\/a><\/p>\n<p><span style=\"font-weight: 400;\">Avani Thakrar \u00e9 estratega de marcas e profissional de rela\u00e7\u00f5es p\u00fablicas e eventos. Fala sete l\u00ednguas e \u00e9 uma verdadeira articuladora de redes.<\/span><\/p>\n<p><a href=\"https:\/\/www.youtube.com\/watch?v=Br88BhMWnCk\"><span style=\"font-weight: 400;\">Our Vision EP10 &#8211; Cirurgia Pl\u00e1stica e Est\u00e9tica no Dubai com o Dr. Fadi Bakal<\/span><\/a><\/p>\n<p><span style=\"font-weight: 400;\">O Dr. Bakal \u00e9 cirurgi\u00e3o pl\u00e1stico, reconstrutivo e est\u00e9tico com tripla certifica\u00e7\u00e3o. Estudou na KU Leuven, na B\u00e9lgica, especializou-se em Bruxelas, na Holanda e em Viena, e trabalha atualmente no American Hospital Dubai.<\/span><\/p>\n<p><a href=\"https:\/\/www.youtube.com\/watch?v=ttTWS3xir6g\"><span style=\"font-weight: 400;\">Our Vision EP11 &#8211; Arte no Dubai com o artista Ray<\/span><\/a><\/p>\n<p><span style=\"font-weight: 400;\">Entrevista com o artista cubano Ray.<\/span><\/p>\n<p><a href=\"https:\/\/www.youtube.com\/watch?v=Zs7SoiZqCMA\"><span style=\"font-weight: 400;\">Our Vision EP12 &#8211; A Medicina Tradicional Chinesa no Dubai, na vis\u00e3o de Jun<\/span><\/a><\/p>\n<p><span style=\"font-weight: 400;\">Neste epis\u00f3dio de Our Vision, estivemos \u00e0 conversa com Jun, Diretor Geral da TCM Shanghai, para explorar o fascinante mundo da Medicina Tradicional Chinesa (MTC) e a sua crescente presen\u00e7a no Dubai.<\/span><\/p>\n<p>&nbsp;<\/p>\n","protected":false},"excerpt":{"rendered":"<p>O podcast Our Vision: Business, Marketing &amp; Travel, apresentado por Jo\u00e3o C Silva, esteve em grande durante 2025. Abordando temas como Neg\u00f3cios, Marketing, Publicidade, Comunica\u00e7\u00e3o, Viagens e Cultura, e com convidados internacionais e nacionais, foi um ponto de encontro onde partilha de ideias e conversas que acrescentam valor foram uma constante. De empreendedorismo \u00e0 moda, [&hellip;]<\/p>\n","protected":false},"author":1,"featured_media":8029,"comment_status":"open","ping_status":"open","sticky":false,"template":"","format":"standard","meta":{"footnotes":""},"categories":[19],"tags":[],"class_list":["post-7988","post","type-post","status-publish","format-standard","has-post-thumbnail","hentry","category-sem-categoria"],"acf":[],"yoast_head":"<!-- This site is optimized with the Yoast SEO plugin v23.6 - https:\/\/yoast.com\/wordpress\/plugins\/seo\/ -->\n<title>Um ano de Our Vision: Business, Marketing &amp; Travel - Digital Connection<\/title>\n<meta name=\"robots\" content=\"index, follow, max-snippet:-1, max-image-preview:large, max-video-preview:-1\" \/>\n<link rel=\"canonical\" href=\"https:\/\/www.dcredesign.connectionthemes.com\/pt-pt\/um-ano-de-our-vision-business-marketing-travel\/\" \/>\n<meta property=\"og:locale\" content=\"pt_PT\" \/>\n<meta property=\"og:type\" content=\"article\" \/>\n<meta property=\"og:title\" content=\"Um ano de Our Vision: Business, Marketing &amp; Travel - Digital Connection\" \/>\n<meta property=\"og:description\" content=\"O podcast Our Vision: Business, Marketing &amp; Travel, apresentado por Jo\u00e3o C Silva, esteve em grande durante 2025. Abordando temas como Neg\u00f3cios, Marketing, Publicidade, Comunica\u00e7\u00e3o, Viagens e Cultura, e com convidados internacionais e nacionais, foi um ponto de encontro onde partilha de ideias e conversas que acrescentam valor foram uma constante. De empreendedorismo \u00e0 moda, [&hellip;]\" \/>\n<meta property=\"og:url\" content=\"https:\/\/www.dcredesign.connectionthemes.com\/pt-pt\/um-ano-de-our-vision-business-marketing-travel\/\" \/>\n<meta property=\"og:site_name\" content=\"Digital Connection\" \/>\n<meta property=\"article:published_time\" content=\"2025-12-15T09:50:25+00:00\" \/>\n<meta property=\"article:modified_time\" content=\"2025-12-16T15:17:33+00:00\" \/>\n<meta property=\"og:image\" content=\"https:\/\/www.dcredesign.connectionthemes.com\/wp-content\/uploads\/2025\/12\/Asset-3-8.png\" \/>\n\t<meta property=\"og:image:width\" content=\"356\" \/>\n\t<meta property=\"og:image:height\" content=\"428\" \/>\n\t<meta property=\"og:image:type\" content=\"image\/png\" \/>\n<meta name=\"author\" content=\"geral\" \/>\n<meta name=\"twitter:card\" content=\"summary_large_image\" \/>\n<meta name=\"twitter:label1\" content=\"Escrito por\" \/>\n\t<meta name=\"twitter:data1\" content=\"geral\" \/>\n\t<meta name=\"twitter:label2\" content=\"Tempo estimado de leitura\" \/>\n\t<meta name=\"twitter:data2\" content=\"3 minutos\" \/>\n<script type=\"application\/ld+json\" class=\"yoast-schema-graph\">{\"@context\":\"https:\/\/schema.org\",\"@graph\":[{\"@type\":\"Article\",\"@id\":\"https:\/\/www.dcredesign.connectionthemes.com\/pt-pt\/um-ano-de-our-vision-business-marketing-travel\/#article\",\"isPartOf\":{\"@id\":\"https:\/\/www.dcredesign.connectionthemes.com\/pt-pt\/um-ano-de-our-vision-business-marketing-travel\/\"},\"author\":{\"name\":\"geral\",\"@id\":\"https:\/\/ftp.lighthousecascais.com\/pt-pt\/#\/schema\/person\/0cf759c26ff52399c99840b88ef36725\"},\"headline\":\"Um ano de Our Vision: Business, Marketing &#038; Travel\",\"datePublished\":\"2025-12-15T09:50:25+00:00\",\"dateModified\":\"2025-12-16T15:17:33+00:00\",\"mainEntityOfPage\":{\"@id\":\"https:\/\/www.dcredesign.connectionthemes.com\/pt-pt\/um-ano-de-our-vision-business-marketing-travel\/\"},\"wordCount\":610,\"commentCount\":0,\"publisher\":{\"@id\":\"https:\/\/ftp.lighthousecascais.com\/pt-pt\/#organization\"},\"image\":{\"@id\":\"https:\/\/www.dcredesign.connectionthemes.com\/pt-pt\/um-ano-de-our-vision-business-marketing-travel\/#primaryimage\"},\"thumbnailUrl\":\"https:\/\/www.dcredesign.connectionthemes.com\/wp-content\/uploads\/2025\/12\/Asset-3-8.png\",\"inLanguage\":\"pt-PT\",\"potentialAction\":[{\"@type\":\"CommentAction\",\"name\":\"Comment\",\"target\":[\"https:\/\/www.dcredesign.connectionthemes.com\/pt-pt\/um-ano-de-our-vision-business-marketing-travel\/#respond\"]}]},{\"@type\":\"WebPage\",\"@id\":\"https:\/\/www.dcredesign.connectionthemes.com\/pt-pt\/um-ano-de-our-vision-business-marketing-travel\/\",\"url\":\"https:\/\/www.dcredesign.connectionthemes.com\/pt-pt\/um-ano-de-our-vision-business-marketing-travel\/\",\"name\":\"Um ano de Our Vision: Business, Marketing & Travel - Digital Connection\",\"isPartOf\":{\"@id\":\"https:\/\/ftp.lighthousecascais.com\/pt-pt\/#website\"},\"primaryImageOfPage\":{\"@id\":\"https:\/\/www.dcredesign.connectionthemes.com\/pt-pt\/um-ano-de-our-vision-business-marketing-travel\/#primaryimage\"},\"image\":{\"@id\":\"https:\/\/www.dcredesign.connectionthemes.com\/pt-pt\/um-ano-de-our-vision-business-marketing-travel\/#primaryimage\"},\"thumbnailUrl\":\"https:\/\/www.dcredesign.connectionthemes.com\/wp-content\/uploads\/2025\/12\/Asset-3-8.png\",\"datePublished\":\"2025-12-15T09:50:25+00:00\",\"dateModified\":\"2025-12-16T15:17:33+00:00\",\"breadcrumb\":{\"@id\":\"https:\/\/www.dcredesign.connectionthemes.com\/pt-pt\/um-ano-de-our-vision-business-marketing-travel\/#breadcrumb\"},\"inLanguage\":\"pt-PT\",\"potentialAction\":[{\"@type\":\"ReadAction\",\"target\":[\"https:\/\/www.dcredesign.connectionthemes.com\/pt-pt\/um-ano-de-our-vision-business-marketing-travel\/\"]}]},{\"@type\":\"ImageObject\",\"inLanguage\":\"pt-PT\",\"@id\":\"https:\/\/www.dcredesign.connectionthemes.com\/pt-pt\/um-ano-de-our-vision-business-marketing-travel\/#primaryimage\",\"url\":\"https:\/\/www.dcredesign.connectionthemes.com\/wp-content\/uploads\/2025\/12\/Asset-3-8.png\",\"contentUrl\":\"https:\/\/www.dcredesign.connectionthemes.com\/wp-content\/uploads\/2025\/12\/Asset-3-8.png\",\"width\":356,\"height\":428},{\"@type\":\"BreadcrumbList\",\"@id\":\"https:\/\/www.dcredesign.connectionthemes.com\/pt-pt\/um-ano-de-our-vision-business-marketing-travel\/#breadcrumb\",\"itemListElement\":[{\"@type\":\"ListItem\",\"position\":1,\"name\":\"Home\",\"item\":\"https:\/\/ftp.lighthousecascais.com\/pt-pt\/\"},{\"@type\":\"ListItem\",\"position\":2,\"name\":\"Um ano de Our Vision: Business, Marketing &#038; Travel\"}]},{\"@type\":\"WebSite\",\"@id\":\"https:\/\/ftp.lighthousecascais.com\/pt-pt\/#website\",\"url\":\"https:\/\/ftp.lighthousecascais.com\/pt-pt\/\",\"name\":\"Digital Connection\",\"description\":\"\",\"publisher\":{\"@id\":\"https:\/\/ftp.lighthousecascais.com\/pt-pt\/#organization\"},\"potentialAction\":[{\"@type\":\"SearchAction\",\"target\":{\"@type\":\"EntryPoint\",\"urlTemplate\":\"https:\/\/ftp.lighthousecascais.com\/pt-pt\/?s={search_term_string}\"},\"query-input\":{\"@type\":\"PropertyValueSpecification\",\"valueRequired\":true,\"valueName\":\"search_term_string\"}}],\"inLanguage\":\"pt-PT\"},{\"@type\":\"Organization\",\"@id\":\"https:\/\/ftp.lighthousecascais.com\/pt-pt\/#organization\",\"name\":\"Digital Connection\",\"url\":\"https:\/\/ftp.lighthousecascais.com\/pt-pt\/\",\"logo\":{\"@type\":\"ImageObject\",\"inLanguage\":\"pt-PT\",\"@id\":\"https:\/\/ftp.lighthousecascais.com\/pt-pt\/#\/schema\/logo\/image\/\",\"url\":\"https:\/\/www.dcredesign.connectionthemes.com\/wp-content\/uploads\/2026\/03\/logo.png\",\"contentUrl\":\"https:\/\/www.dcredesign.connectionthemes.com\/wp-content\/uploads\/2026\/03\/logo.png\",\"width\":656,\"height\":134,\"caption\":\"Digital Connection\"},\"image\":{\"@id\":\"https:\/\/ftp.lighthousecascais.com\/pt-pt\/#\/schema\/logo\/image\/\"}},{\"@type\":\"Person\",\"@id\":\"https:\/\/ftp.lighthousecascais.com\/pt-pt\/#\/schema\/person\/0cf759c26ff52399c99840b88ef36725\",\"name\":\"geral\",\"image\":{\"@type\":\"ImageObject\",\"inLanguage\":\"pt-PT\",\"@id\":\"https:\/\/ftp.lighthousecascais.com\/pt-pt\/#\/schema\/person\/image\/\",\"url\":\"https:\/\/secure.gravatar.com\/avatar\/4a6fd760763ee4403e09d16dda8aff51299dc47b9313479733ba7aac92ceea10?s=96&d=mm&r=g\",\"contentUrl\":\"https:\/\/secure.gravatar.com\/avatar\/4a6fd760763ee4403e09d16dda8aff51299dc47b9313479733ba7aac92ceea10?s=96&d=mm&r=g\",\"caption\":\"geral\"},\"sameAs\":[\"http:\/\/digitalconnection.test\"],\"url\":\"https:\/\/www.dcredesign.connectionthemes.com\/pt-pt\/author\/geral\/\"}]}<\/script>\n<!-- \/ Yoast SEO plugin. -->","yoast_head_json":{"title":"Um ano de Our Vision: Business, Marketing & Travel - Digital Connection","robots":{"index":"index","follow":"follow","max-snippet":"max-snippet:-1","max-image-preview":"max-image-preview:large","max-video-preview":"max-video-preview:-1"},"canonical":"https:\/\/www.dcredesign.connectionthemes.com\/pt-pt\/um-ano-de-our-vision-business-marketing-travel\/","og_locale":"pt_PT","og_type":"article","og_title":"Um ano de Our Vision: Business, Marketing & Travel - Digital Connection","og_description":"O podcast Our Vision: Business, Marketing &amp; Travel, apresentado por Jo\u00e3o C Silva, esteve em grande durante 2025. Abordando temas como Neg\u00f3cios, Marketing, Publicidade, Comunica\u00e7\u00e3o, Viagens e Cultura, e com convidados internacionais e nacionais, foi um ponto de encontro onde partilha de ideias e conversas que acrescentam valor foram uma constante. De empreendedorismo \u00e0 moda, [&hellip;]","og_url":"https:\/\/www.dcredesign.connectionthemes.com\/pt-pt\/um-ano-de-our-vision-business-marketing-travel\/","og_site_name":"Digital Connection","article_published_time":"2025-12-15T09:50:25+00:00","article_modified_time":"2025-12-16T15:17:33+00:00","og_image":[{"width":356,"height":428,"url":"https:\/\/www.dcredesign.connectionthemes.com\/wp-content\/uploads\/2025\/12\/Asset-3-8.png","type":"image\/png"}],"author":"geral","twitter_card":"summary_large_image","twitter_misc":{"Escrito por":"geral","Tempo estimado de leitura":"3 minutos"},"schema":{"@context":"https:\/\/schema.org","@graph":[{"@type":"Article","@id":"https:\/\/www.dcredesign.connectionthemes.com\/pt-pt\/um-ano-de-our-vision-business-marketing-travel\/#article","isPartOf":{"@id":"https:\/\/www.dcredesign.connectionthemes.com\/pt-pt\/um-ano-de-our-vision-business-marketing-travel\/"},"author":{"name":"geral","@id":"https:\/\/ftp.lighthousecascais.com\/pt-pt\/#\/schema\/person\/0cf759c26ff52399c99840b88ef36725"},"headline":"Um ano de Our Vision: Business, Marketing &#038; Travel","datePublished":"2025-12-15T09:50:25+00:00","dateModified":"2025-12-16T15:17:33+00:00","mainEntityOfPage":{"@id":"https:\/\/www.dcredesign.connectionthemes.com\/pt-pt\/um-ano-de-our-vision-business-marketing-travel\/"},"wordCount":610,"commentCount":0,"publisher":{"@id":"https:\/\/ftp.lighthousecascais.com\/pt-pt\/#organization"},"image":{"@id":"https:\/\/www.dcredesign.connectionthemes.com\/pt-pt\/um-ano-de-our-vision-business-marketing-travel\/#primaryimage"},"thumbnailUrl":"https:\/\/www.dcredesign.connectionthemes.com\/wp-content\/uploads\/2025\/12\/Asset-3-8.png","inLanguage":"pt-PT","potentialAction":[{"@type":"CommentAction","name":"Comment","target":["https:\/\/www.dcredesign.connectionthemes.com\/pt-pt\/um-ano-de-our-vision-business-marketing-travel\/#respond"]}]},{"@type":"WebPage","@id":"https:\/\/www.dcredesign.connectionthemes.com\/pt-pt\/um-ano-de-our-vision-business-marketing-travel\/","url":"https:\/\/www.dcredesign.connectionthemes.com\/pt-pt\/um-ano-de-our-vision-business-marketing-travel\/","name":"Um ano de Our Vision: Business, Marketing & Travel - Digital Connection","isPartOf":{"@id":"https:\/\/ftp.lighthousecascais.com\/pt-pt\/#website"},"primaryImageOfPage":{"@id":"https:\/\/www.dcredesign.connectionthemes.com\/pt-pt\/um-ano-de-our-vision-business-marketing-travel\/#primaryimage"},"image":{"@id":"https:\/\/www.dcredesign.connectionthemes.com\/pt-pt\/um-ano-de-our-vision-business-marketing-travel\/#primaryimage"},"thumbnailUrl":"https:\/\/www.dcredesign.connectionthemes.com\/wp-content\/uploads\/2025\/12\/Asset-3-8.png","datePublished":"2025-12-15T09:50:25+00:00","dateModified":"2025-12-16T15:17:33+00:00","breadcrumb":{"@id":"https:\/\/www.dcredesign.connectionthemes.com\/pt-pt\/um-ano-de-our-vision-business-marketing-travel\/#breadcrumb"},"inLanguage":"pt-PT","potentialAction":[{"@type":"ReadAction","target":["https:\/\/www.dcredesign.connectionthemes.com\/pt-pt\/um-ano-de-our-vision-business-marketing-travel\/"]}]},{"@type":"ImageObject","inLanguage":"pt-PT","@id":"https:\/\/www.dcredesign.connectionthemes.com\/pt-pt\/um-ano-de-our-vision-business-marketing-travel\/#primaryimage","url":"https:\/\/www.dcredesign.connectionthemes.com\/wp-content\/uploads\/2025\/12\/Asset-3-8.png","contentUrl":"https:\/\/www.dcredesign.connectionthemes.com\/wp-content\/uploads\/2025\/12\/Asset-3-8.png","width":356,"height":428},{"@type":"BreadcrumbList","@id":"https:\/\/www.dcredesign.connectionthemes.com\/pt-pt\/um-ano-de-our-vision-business-marketing-travel\/#breadcrumb","itemListElement":[{"@type":"ListItem","position":1,"name":"Home","item":"https:\/\/ftp.lighthousecascais.com\/pt-pt\/"},{"@type":"ListItem","position":2,"name":"Um ano de Our Vision: Business, Marketing &#038; Travel"}]},{"@type":"WebSite","@id":"https:\/\/ftp.lighthousecascais.com\/pt-pt\/#website","url":"https:\/\/ftp.lighthousecascais.com\/pt-pt\/","name":"Digital Connection","description":"","publisher":{"@id":"https:\/\/ftp.lighthousecascais.com\/pt-pt\/#organization"},"potentialAction":[{"@type":"SearchAction","target":{"@type":"EntryPoint","urlTemplate":"https:\/\/ftp.lighthousecascais.com\/pt-pt\/?s={search_term_string}"},"query-input":{"@type":"PropertyValueSpecification","valueRequired":true,"valueName":"search_term_string"}}],"inLanguage":"pt-PT"},{"@type":"Organization","@id":"https:\/\/ftp.lighthousecascais.com\/pt-pt\/#organization","name":"Digital Connection","url":"https:\/\/ftp.lighthousecascais.com\/pt-pt\/","logo":{"@type":"ImageObject","inLanguage":"pt-PT","@id":"https:\/\/ftp.lighthousecascais.com\/pt-pt\/#\/schema\/logo\/image\/","url":"https:\/\/www.dcredesign.connectionthemes.com\/wp-content\/uploads\/2026\/03\/logo.png","contentUrl":"https:\/\/www.dcredesign.connectionthemes.com\/wp-content\/uploads\/2026\/03\/logo.png","width":656,"height":134,"caption":"Digital Connection"},"image":{"@id":"https:\/\/ftp.lighthousecascais.com\/pt-pt\/#\/schema\/logo\/image\/"}},{"@type":"Person","@id":"https:\/\/ftp.lighthousecascais.com\/pt-pt\/#\/schema\/person\/0cf759c26ff52399c99840b88ef36725","name":"geral","image":{"@type":"ImageObject","inLanguage":"pt-PT","@id":"https:\/\/ftp.lighthousecascais.com\/pt-pt\/#\/schema\/person\/image\/","url":"https:\/\/secure.gravatar.com\/avatar\/4a6fd760763ee4403e09d16dda8aff51299dc47b9313479733ba7aac92ceea10?s=96&d=mm&r=g","contentUrl":"https:\/\/secure.gravatar.com\/avatar\/4a6fd760763ee4403e09d16dda8aff51299dc47b9313479733ba7aac92ceea10?s=96&d=mm&r=g","caption":"geral"},"sameAs":["http:\/\/digitalconnection.test"],"url":"https:\/\/www.dcredesign.connectionthemes.com\/pt-pt\/author\/geral\/"}]}},"_links":{"self":[{"href":"https:\/\/www.dcredesign.connectionthemes.com\/pt-pt\/wp-json\/wp\/v2\/posts\/7988","targetHints":{"allow":["GET"]}}],"collection":[{"href":"https:\/\/www.dcredesign.connectionthemes.com\/pt-pt\/wp-json\/wp\/v2\/posts"}],"about":[{"href":"https:\/\/www.dcredesign.connectionthemes.com\/pt-pt\/wp-json\/wp\/v2\/types\/post"}],"author":[{"embeddable":true,"href":"https:\/\/www.dcredesign.connectionthemes.com\/pt-pt\/wp-json\/wp\/v2\/users\/1"}],"replies":[{"embeddable":true,"href":"https:\/\/www.dcredesign.connectionthemes.com\/pt-pt\/wp-json\/wp\/v2\/comments?post=7988"}],"version-history":[{"count":1,"href":"https:\/\/www.dcredesign.connectionthemes.com\/pt-pt\/wp-json\/wp\/v2\/posts\/7988\/revisions"}],"predecessor-version":[{"id":7991,"href":"https:\/\/www.dcredesign.connectionthemes.com\/pt-pt\/wp-json\/wp\/v2\/posts\/7988\/revisions\/7991"}],"wp:featuredmedia":[{"embeddable":true,"href":"https:\/\/www.dcredesign.connectionthemes.com\/pt-pt\/wp-json\/wp\/v2\/media\/8029"}],"wp:attachment":[{"href":"https:\/\/www.dcredesign.connectionthemes.com\/pt-pt\/wp-json\/wp\/v2\/media?parent=7988"}],"wp:term":[{"taxonomy":"category","embeddable":true,"href":"https:\/\/www.dcredesign.connectionthemes.com\/pt-pt\/wp-json\/wp\/v2\/categories?post=7988"},{"taxonomy":"post_tag","embeddable":true,"href":"https:\/\/www.dcredesign.connectionthemes.com\/pt-pt\/wp-json\/wp\/v2\/tags?post=7988"}],"curies":[{"name":"wp","href":"https:\/\/api.w.org\/{rel}","templated":true}]}}